{"id":93,"date":"2026-08-08T18:04:04","date_gmt":"2026-08-08T16:04:04","guid":{"rendered":"https:\/\/oli-roth.de\/cooking\/?p=93"},"modified":"2026-08-08T18:18:47","modified_gmt":"2026-08-08T16:18:47","slug":"knusprige-zucchinis","status":"publish","type":"post","link":"https:\/\/oli-roth.de\/cooking\/knusprige-zucchinis\/","title":{"rendered":"Knusprige Zucchini"},"content":{"rendered":"\n<h2 class=\"wp-block-heading\">Zutaten<\/h2>\n\n\n\n<ul class=\"wp-block-list\">\n<li><strong>Zucchini<\/strong> \u2013 1 kg<\/li>\n\n\n\n<li><strong>Maismehl<\/strong> \u2013 3 EL<\/li>\n\n\n\n<li><strong>Paniermehl \/ Semmelbr\u00f6sel<\/strong> \u2013 3 EL<\/li>\n\n\n\n<li><strong>Paprikapulver<\/strong> \u2013 1 TL<\/li>\n\n\n\n<li><strong>Knoblauchpulver<\/strong> \u2013 0,5 TL<\/li>\n\n\n\n<li><strong>Koriander (gemahlen)<\/strong> \u2013 0,25 TL<\/li>\n\n\n\n<li><strong>Schwarzer Pfeffer<\/strong> \u2013 0,25 TL<\/li>\n\n\n\n<li><strong>Mozzarella<\/strong> oder ein anderer geriebener K\u00e4se \u2013 150 g<\/li>\n\n\n\n<li><strong>Salz <\/strong>nach Geschmack<\/li>\n<\/ul>\n\n\n\n<h2 class=\"wp-block-heading\">Sauce<\/h2>\n\n\n\n<ul class=\"wp-block-list\">\n<li><strong>Sauere Sahne<\/strong> \u2013 3 EL<\/li>\n\n\n\n<li><strong>Kr\u00e4uter<\/strong> nach Wahl \/ Geschmack<\/li>\n\n\n\n<li><strong>Gurke<\/strong> \u2013 1 Stk.<\/li>\n\n\n\n<li><strong>Salz und Pfeffer<\/strong> nach Geschmack<\/li>\n<\/ul>\n\n\n\n<h2 class=\"wp-block-heading\">Zubereitung<\/h2>\n\n\n\n<ol class=\"wp-block-list\">\n<li>Zucchini in Streifen schneiden und in eine Sch\u00fcssel geben. Mit Maisgrie\u00df und Paniermehl bestreuen.<\/li>\n\n\n\n<li>In einer kleinen Sch\u00fcssel Paprikapulver, Knoblauchpulver, Koriander und Pfeffer vermischen. Die Zucchini mit der Gew\u00fcrzmischung bestreuen und anschlie\u00dfend salzen. Die Sch\u00fcssel mit einem Deckel verschlie\u00dfen und kr\u00e4ftig sch\u00fctteln, damit sich die Zutaten gleichm\u00e4\u00dfig verteilen.<\/li>\n\n\n\n<li>Die Zucchini auf ein Backblech legen und im vorgeheizten Backofen bei 200 \u00b0C 20\u201325 Minuten backen.<\/li>\n\n\n\n<li>Anschlie\u00dfend die Zucchini aus dem Ofen nehmen und mit dem geriebenen K\u00e4se bestreuen. Danach f\u00fcr weitere 8\u201310 Minuten in den Ofen geben.<\/li>\n\n\n\n<li>Alle Zutaten f\u00fcr die So\u00dfe verr\u00fchren und die \u00fcberbackenen Zucchini damit servieren.<\/li>\n<\/ol>\n\n\n\n<p class=\"wp-block-paragraph\"><strong>Rezept von <a href=\"https:\/\/youtu.be\/-tcIsli1Ajg?si=ZTrFOtCJYP7-vkZO\">Martik<\/a> <\/strong><\/p>\n\n\n\n<p class=\"wp-block-paragraph\"><\/p>\n","protected":false},"excerpt":{"rendered":"<p>Zutaten Sauce Zubereitung Rezept von Martik<\/p>\n","protected":false},"author":1,"featured_media":111,"comment_status":"closed","ping_status":"closed","sticky":false,"template":"","format":"standard","meta":{"footnotes":""},"categories":[9],"tags":[10],"class_list":["post-93","post","type-post","status-publish","format-standard","has-post-thumbnail","hentry","category-gemuese","tag-zucchini"],"_links":{"self":[{"href":"https:\/\/oli-roth.de\/cooking\/wp-json\/wp\/v2\/posts\/93","targetHints":{"allow":["GET"]}}],"collection":[{"href":"https:\/\/oli-roth.de\/cooking\/wp-json\/wp\/v2\/posts"}],"about":[{"href":"https:\/\/oli-roth.de\/cooking\/wp-json\/wp\/v2\/types\/post"}],"author":[{"embeddable":true,"href":"https:\/\/oli-roth.de\/cooking\/wp-json\/wp\/v2\/users\/1"}],"replies":[{"embeddable":true,"href":"https:\/\/oli-roth.de\/cooking\/wp-json\/wp\/v2\/comments?post=93"}],"version-history":[{"count":6,"href":"https:\/\/oli-roth.de\/cooking\/wp-json\/wp\/v2\/posts\/93\/revisions"}],"predecessor-version":[{"id":115,"href":"https:\/\/oli-roth.de\/cooking\/wp-json\/wp\/v2\/posts\/93\/revisions\/115"}],"wp:featuredmedia":[{"embeddable":true,"href":"https:\/\/oli-roth.de\/cooking\/wp-json\/wp\/v2\/media\/111"}],"wp:attachment":[{"href":"https:\/\/oli-roth.de\/cooking\/wp-json\/wp\/v2\/media?parent=93"}],"wp:term":[{"taxonomy":"category","embeddable":true,"href":"https:\/\/oli-roth.de\/cooking\/wp-json\/wp\/v2\/categories?post=93"},{"taxonomy":"post_tag","embeddable":true,"href":"https:\/\/oli-roth.de\/cooking\/wp-json\/wp\/v2\/tags?post=93"}],"curies":[{"name":"wp","href":"https:\/\/api.w.org\/{rel}","templated":true}]}}